{"id":565,"date":"2024-02-29T20:12:16","date_gmt":"2024-02-29T20:12:16","guid":{"rendered":"https:\/\/nezir-europe.org\/?p=565"},"modified":"2025-12-31T21:14:44","modified_gmt":"2025-12-31T21:14:44","slug":"fitre","status":"publish","type":"post","link":"https:\/\/nezir-europe.org\/tr_tr\/detail\/fitre\/","title":{"rendered":"Fitre"},"content":{"rendered":"<div data-elementor-type=\"wp-post\" data-elementor-id=\"565\" class=\"elementor elementor-565\" data-elementor-post-type=\"post\">\n\t\t\t\t<div class=\"elementor-element elementor-element-9569404 e-flex e-con-boxed e-con e-parent\" data-id=\"9569404\" data-element_type=\"container\">\n\t\t\t\t\t<div class=\"e-con-inner\">\n\t\t\t\t<div class=\"elementor-element elementor-element-1c37d3c elementor-widget elementor-widget-template\" data-id=\"1c37d3c\" data-element_type=\"widget\" data-widget_type=\"template.default\">\n\t\t\t\t<div class=\"elementor-widget-container\">\n\t\t\t\t\t\t\t<div class=\"elementor-template\">\n\t\t\t\t\t<div data-elementor-type=\"single-post\" data-elementor-id=\"1872\" class=\"elementor elementor-1872\" data-elementor-post-type=\"elementor_library\">\n\t\t\t<div class=\"elementor-element elementor-element-4d6e81c0 e-con-full e-flex e-con e-parent\" data-id=\"4d6e81c0\" data-element_type=\"container\" data-settings=\"{&quot;background_background&quot;:&quot;gradient&quot;}\">\n\t\t<div class=\"elementor-element elementor-element-69d53f5c e-con-full e-flex e-con e-child\" data-id=\"69d53f5c\" data-element_type=\"container\" data-settings=\"{&quot;background_background&quot;:&quot;classic&quot;}\">\n\t\t\t\t<div class=\"elementor-element elementor-element-52fc0224 elementor-invisible elementor-widget elementor-widget-image\" data-id=\"52fc0224\" data-element_type=\"widget\" data-settings=\"{&quot;_animation&quot;:&quot;slideInLeft&quot;}\" data-widget_type=\"image.default\">\n\t\t\t\t<div class=\"elementor-widget-container\">\n\t\t\t\t\t\t\t\t\t\t\t\t\t\t\t<img fetchpriority=\"high\" decoding=\"async\" width=\"780\" height=\"756\" src=\"https:\/\/nezir-europe.org\/wp-content\/uploads\/2024\/02\/fitre.png\" class=\"attachment-2048x2048 size-2048x2048 wp-image-15469\" alt=\"\" srcset=\"https:\/\/nezir-europe.org\/wp-content\/uploads\/2024\/02\/fitre.png 780w, https:\/\/nezir-europe.org\/wp-content\/uploads\/2024\/02\/fitre-300x291.png 300w, https:\/\/nezir-europe.org\/wp-content\/uploads\/2024\/02\/fitre-768x744.png 768w, https:\/\/nezir-europe.org\/wp-content\/uploads\/2024\/02\/fitre-12x12.png 12w\" sizes=\"(max-width: 780px) 100vw, 780px\" \/>\t\t\t\t\t\t\t\t\t\t\t\t\t\t\t<\/div>\n\t\t\t\t<\/div>\n\t\t\t\t<\/div>\n\t\t<div class=\"elementor-element elementor-element-29a52db2 e-con-full e-flex e-con e-child\" data-id=\"29a52db2\" data-element_type=\"container\" data-settings=\"{&quot;background_background&quot;:&quot;classic&quot;}\">\n\t\t<div class=\"elementor-element elementor-element-428c1452 e-flex e-con-boxed e-con e-child\" data-id=\"428c1452\" data-element_type=\"container\">\n\t\t\t\t\t<div class=\"e-con-inner\">\n\t\t\t\t<div class=\"elementor-element elementor-element-6d561807 animated-slow elementor-invisible elementor-widget elementor-widget-heading\" data-id=\"6d561807\" data-element_type=\"widget\" data-settings=\"{&quot;_animation&quot;:&quot;fadeIn&quot;}\" data-widget_type=\"heading.default\">\n\t\t\t\t<div class=\"elementor-widget-container\">\n\t\t\t\t\t<h1 class=\"elementor-heading-title elementor-size-default\">Fitre<\/h1>\t\t\t\t<\/div>\n\t\t\t\t<\/div>\n\t\t\t\t<div class=\"elementor-element elementor-element-652031b6 elementor-invisible elementor-widget elementor-widget-text-editor\" data-id=\"652031b6\" data-element_type=\"widget\" data-settings=\"{&quot;_animation&quot;:&quot;fadeIn&quot;,&quot;_animation_delay&quot;:200}\" data-widget_type=\"text-editor.default\">\n\t\t\t\t<div class=\"elementor-widget-container\">\n\t\t\t\t\t\t\t\t\tZekat-\u00fcl F\u0131t\u0131r \u00f6demesi, \u0130slam\u2019da her M\u00fcsl\u00fcman i\u00e7in zorunludur. Bu, Ramazan ay\u0131 boyunca olu\u015fabilecek eksikliklere kar\u015f\u0131 bir ar\u0131nma ve dengeleme olarak kabul edilir ve ihtiya\u00e7 sahiplerine kar\u015f\u0131 sosyal sorumlulu\u011fu vurgular.\t\t\t\t\t\t\t\t<\/div>\n\t\t\t\t<\/div>\n\t\t\t\t\t<\/div>\n\t\t\t\t<\/div>\n\t\t\t\t<\/div>\n\t\t\t\t<\/div>\n\t\t\t\t<\/div>\n\t\t\t\t<\/div>\n\t\t\t\t\t\t<\/div>\n\t\t\t\t<\/div>\n\t\t\t\t\t<\/div>\n\t\t\t\t<\/div>\n\t\t<div class=\"elementor-element elementor-element-57b6d33 e-flex e-con-boxed e-con e-parent\" data-id=\"57b6d33\" data-element_type=\"container\">\n\t\t\t\t\t<div class=\"e-con-inner\">\n\t\t\t\t<div class=\"elementor-element elementor-element-dbe306a elementor-widget elementor-widget-heading\" data-id=\"dbe306a\" data-element_type=\"widget\" data-widget_type=\"heading.default\">\n\t\t\t\t<div class=\"elementor-widget-container\">\n\t\t\t\t\t<h2 class=\"elementor-heading-title elementor-size-default\">Fitre nedir?<\/h2>\t\t\t\t<\/div>\n\t\t\t\t<\/div>\n\t\t\t\t\t<\/div>\n\t\t\t\t<\/div>\n\t\t<div class=\"elementor-element elementor-element-a30627a e-flex e-con-boxed e-con e-parent\" data-id=\"a30627a\" data-element_type=\"container\">\n\t\t\t\t\t<div class=\"e-con-inner\">\n\t\t\t\t<div class=\"elementor-element elementor-element-1ff6ac6 elementor-widget elementor-widget-text-editor\" data-id=\"1ff6ac6\" data-element_type=\"widget\" data-widget_type=\"text-editor.default\">\n\t\t\t\t<div class=\"elementor-widget-container\">\n\t\t\t\t\t\t\t\t\t<p>Ramazan ay\u0131; kalplerin yumu\u015fad\u0131\u011f\u0131, ellerin a\u00e7\u0131ld\u0131\u011f\u0131, g\u00f6n\u00fcllerin birbirine yakla\u015ft\u0131\u011f\u0131 m\u00fcbarek bir zaman dilimidir. Bu m\u00fcstesna g\u00fcnlerde sadece sofralar de\u011fil, kalpler de bereketlenir. Bu ay\u0131n sonunda ise anlaml\u0131 bir ibadet yer al\u0131r: Fitre.<\/p><p>Fitre, Ramazan boyunca oru\u00e7 tutamayan ya da ihtiya\u00e7 i\u00e7inde olan kimselere verilen vacip bir sadakad\u0131r. Ancak fitre sadece maddi bir yard\u0131m de\u011fil, manevi bir dokunu\u015ftur. A\u00e7lar\u0131 doyurur, g\u00f6n\u00fclleri \u0131s\u0131t\u0131r, yaln\u0131zl\u0131\u011f\u0131 payla\u015f\u0131r ve \u00fcmide vesile olur.<\/p><p>Bu yard\u0131m, toplumsal birlik ve beraberlik duygusunu g\u00fc\u00e7lendirir. \u0130htiya\u00e7 sahibi karde\u015flerimizin bayram\u0131 mahzun de\u011fil, sevin\u00e7li ge\u00e7irmesine vesile olur. K\u00fc\u00e7\u00fcc\u00fck bir katk\u0131, bir tebess\u00fcm do\u011furabilir; bir tabak yemek, bir y\u00fcre\u011fe umut olabilir.<\/p><p>Fitre, verenin de alan\u0131n da kalbine zenginlik katar. Merhamet, \u015fefkat ve dayan\u0131\u015fman\u0131n somutla\u015ft\u0131\u011f\u0131 bir f\u0131rsatt\u0131r. Fitre vermek, sevgiyi payla\u015fmak, insanl\u0131\u011fa dair g\u00fczel izler b\u0131rakmakt\u0131r.<\/p><p>Nezir Europe arac\u0131l\u0131\u011f\u0131yla verece\u011finiz fitre, ihtiya\u00e7 sahiplerine bayram\u0131 hissettirir. Unutulmad\u0131klar\u0131n\u0131, de\u011fer g\u00f6rd\u00fcklerini hissettiren sessiz ama etkili bir iyilik halkas\u0131n\u0131n par\u00e7as\u0131 olursunuz.<\/p>\t\t\t\t\t\t\t\t<\/div>\n\t\t\t\t<\/div>\n\t\t\t\t\t<\/div>\n\t\t\t\t<\/div>\n\t\t\t\t<\/div>","protected":false},"excerpt":{"rendered":"<p>Zekat-\u00fcl F\u0131t\u0131r \u00f6demesi, \u0130slam\u2019da her M\u00fcsl\u00fcman i\u00e7in zorunludur. Bu, Ramazan ay\u0131 boyunca olu\u015fabilecek eksikliklere kar\u015f\u0131 bir ar\u0131nma ve dengeleme olarak kabul edilir ve ihtiya\u00e7 sahiplerine kar\u015f\u0131 sosyal sorumlulu\u011fu vurgular.<\/p>","protected":false},"author":1,"featured_media":15469,"comment_status":"closed","ping_status":"closed","sticky":false,"template":"","format":"standard","meta":{"_acf_changed":false,"give_campaign_id":0,"footnotes":""},"categories":[39],"tags":[],"class_list":["post-565","post","type-post","status-publish","format-standard","has-post-thumbnail","hentry","category-detail"],"acf":[],"_links":{"self":[{"href":"https:\/\/nezir-europe.org\/tr_tr\/wp-json\/wp\/v2\/posts\/565","targetHints":{"allow":["GET"]}}],"collection":[{"href":"https:\/\/nezir-europe.org\/tr_tr\/wp-json\/wp\/v2\/posts"}],"about":[{"href":"https:\/\/nezir-europe.org\/tr_tr\/wp-json\/wp\/v2\/types\/post"}],"author":[{"embeddable":true,"href":"https:\/\/nezir-europe.org\/tr_tr\/wp-json\/wp\/v2\/users\/1"}],"replies":[{"embeddable":true,"href":"https:\/\/nezir-europe.org\/tr_tr\/wp-json\/wp\/v2\/comments?post=565"}],"version-history":[{"count":38,"href":"https:\/\/nezir-europe.org\/tr_tr\/wp-json\/wp\/v2\/posts\/565\/revisions"}],"predecessor-version":[{"id":15796,"href":"https:\/\/nezir-europe.org\/tr_tr\/wp-json\/wp\/v2\/posts\/565\/revisions\/15796"}],"wp:featuredmedia":[{"embeddable":true,"href":"https:\/\/nezir-europe.org\/tr_tr\/wp-json\/wp\/v2\/media\/15469"}],"wp:attachment":[{"href":"https:\/\/nezir-europe.org\/tr_tr\/wp-json\/wp\/v2\/media?parent=565"}],"wp:term":[{"taxonomy":"category","embeddable":true,"href":"https:\/\/nezir-europe.org\/tr_tr\/wp-json\/wp\/v2\/categories?post=565"},{"taxonomy":"post_tag","embeddable":true,"href":"https:\/\/nezir-europe.org\/tr_tr\/wp-json\/wp\/v2\/tags?post=565"}],"curies":[{"name":"wp","href":"https:\/\/api.w.org\/{rel}","templated":true}]}}