{"id":554,"date":"2024-02-29T19:11:58","date_gmt":"2024-02-29T19:11:58","guid":{"rendered":"https:\/\/nezir-europe.org\/?p=554"},"modified":"2025-12-31T21:12:29","modified_gmt":"2025-12-31T21:12:29","slug":"kumanya","status":"publish","type":"post","link":"https:\/\/nezir-europe.org\/tr_tr\/detail\/kumanya\/","title":{"rendered":"Kumanya"},"content":{"rendered":"<div data-elementor-type=\"wp-post\" data-elementor-id=\"554\" class=\"elementor elementor-554\" data-elementor-post-type=\"post\">\n\t\t\t\t<div class=\"elementor-element elementor-element-df52eb1 e-flex e-con-boxed e-con e-parent\" data-id=\"df52eb1\" data-element_type=\"container\">\n\t\t\t\t\t<div class=\"e-con-inner\">\n\t\t\t\t<div class=\"elementor-element elementor-element-7b3c85c elementor-widget elementor-widget-template\" data-id=\"7b3c85c\" data-element_type=\"widget\" data-widget_type=\"template.default\">\n\t\t\t\t<div class=\"elementor-widget-container\">\n\t\t\t\t\t\t\t<div class=\"elementor-template\">\n\t\t\t\t\t<div data-elementor-type=\"single-post\" data-elementor-id=\"1872\" class=\"elementor elementor-1872\" data-elementor-post-type=\"elementor_library\">\n\t\t\t<div class=\"elementor-element elementor-element-4d6e81c0 e-con-full e-flex e-con e-parent\" data-id=\"4d6e81c0\" data-element_type=\"container\" data-settings=\"{&quot;background_background&quot;:&quot;gradient&quot;}\">\n\t\t<div class=\"elementor-element elementor-element-69d53f5c e-con-full e-flex e-con e-child\" data-id=\"69d53f5c\" data-element_type=\"container\" data-settings=\"{&quot;background_background&quot;:&quot;classic&quot;}\">\n\t\t\t\t<div class=\"elementor-element elementor-element-52fc0224 elementor-invisible elementor-widget elementor-widget-image\" data-id=\"52fc0224\" data-element_type=\"widget\" data-settings=\"{&quot;_animation&quot;:&quot;slideInLeft&quot;}\" data-widget_type=\"image.default\">\n\t\t\t\t<div class=\"elementor-widget-container\">\n\t\t\t\t\t\t\t\t\t\t\t\t\t\t\t<img fetchpriority=\"high\" decoding=\"async\" width=\"780\" height=\"756\" src=\"https:\/\/nezir-europe.org\/wp-content\/uploads\/2024\/02\/kumanya.png\" class=\"attachment-2048x2048 size-2048x2048 wp-image-15476\" alt=\"\" srcset=\"https:\/\/nezir-europe.org\/wp-content\/uploads\/2024\/02\/kumanya.png 780w, https:\/\/nezir-europe.org\/wp-content\/uploads\/2024\/02\/kumanya-300x291.png 300w, https:\/\/nezir-europe.org\/wp-content\/uploads\/2024\/02\/kumanya-768x744.png 768w, https:\/\/nezir-europe.org\/wp-content\/uploads\/2024\/02\/kumanya-12x12.png 12w\" sizes=\"(max-width: 780px) 100vw, 780px\" \/>\t\t\t\t\t\t\t\t\t\t\t\t\t\t\t<\/div>\n\t\t\t\t<\/div>\n\t\t\t\t<\/div>\n\t\t<div class=\"elementor-element elementor-element-29a52db2 e-con-full e-flex e-con e-child\" data-id=\"29a52db2\" data-element_type=\"container\" data-settings=\"{&quot;background_background&quot;:&quot;classic&quot;}\">\n\t\t<div class=\"elementor-element elementor-element-428c1452 e-flex e-con-boxed e-con e-child\" data-id=\"428c1452\" data-element_type=\"container\">\n\t\t\t\t\t<div class=\"e-con-inner\">\n\t\t\t\t<div class=\"elementor-element elementor-element-6d561807 animated-slow elementor-invisible elementor-widget elementor-widget-heading\" data-id=\"6d561807\" data-element_type=\"widget\" data-settings=\"{&quot;_animation&quot;:&quot;fadeIn&quot;}\" data-widget_type=\"heading.default\">\n\t\t\t\t<div class=\"elementor-widget-container\">\n\t\t\t\t\t<h1 class=\"elementor-heading-title elementor-size-default\">Kumanya<\/h1>\t\t\t\t<\/div>\n\t\t\t\t<\/div>\n\t\t\t\t<div class=\"elementor-element elementor-element-652031b6 elementor-invisible elementor-widget elementor-widget-text-editor\" data-id=\"652031b6\" data-element_type=\"widget\" data-settings=\"{&quot;_animation&quot;:&quot;fadeIn&quot;,&quot;_animation_delay&quot;:200}\" data-widget_type=\"text-editor.default\">\n\t\t\t\t<div class=\"elementor-widget-container\">\n\t\t\t\t\t\t\t\t\tKumanya, \u00f6zellikle afet, sava\u015f veya uzun yolculuklar gibi \u00f6zel durumlar i\u00e7in haz\u0131rlanan, temel besin ihtiya\u00e7lar\u0131n\u0131 kar\u015f\u0131lamaya y\u00f6nelik paketlenmi\u015f yiyecek ve i\u00e7ecek setidir. Genellikle uzun s\u00fcre saklanabilen, kolay t\u00fcketilebilen ve besleyici de\u011feri y\u00fcksek g\u0131dalar\u0131 i\u00e7erir.\t\t\t\t\t\t\t\t<\/div>\n\t\t\t\t<\/div>\n\t\t\t\t\t<\/div>\n\t\t\t\t<\/div>\n\t\t\t\t<\/div>\n\t\t\t\t<\/div>\n\t\t\t\t<\/div>\n\t\t\t\t<\/div>\n\t\t\t\t\t\t<\/div>\n\t\t\t\t<\/div>\n\t\t\t\t\t<\/div>\n\t\t\t\t<\/div>\n\t\t<div class=\"elementor-element elementor-element-358b04e e-flex e-con-boxed e-con e-parent\" data-id=\"358b04e\" data-element_type=\"container\">\n\t\t\t\t\t<div class=\"e-con-inner\">\n\t\t\t\t<div class=\"elementor-element elementor-element-e5680e6 elementor-widget elementor-widget-heading\" data-id=\"e5680e6\" data-element_type=\"widget\" data-widget_type=\"heading.default\">\n\t\t\t\t<div class=\"elementor-widget-container\">\n\t\t\t\t\t<h2 class=\"elementor-heading-title elementor-size-default\">Kumanya nedir?<\/h2>\t\t\t\t<\/div>\n\t\t\t\t<\/div>\n\t\t\t\t\t<\/div>\n\t\t\t\t<\/div>\n\t\t<div class=\"elementor-element elementor-element-39acc3e e-flex e-con-boxed e-con e-parent\" data-id=\"39acc3e\" data-element_type=\"container\">\n\t\t\t\t\t<div class=\"e-con-inner\">\n\t\t\t\t<div class=\"elementor-element elementor-element-a299d36 elementor-widget elementor-widget-text-editor\" data-id=\"a299d36\" data-element_type=\"widget\" data-widget_type=\"text-editor.default\">\n\t\t\t\t<div class=\"elementor-widget-container\">\n\t\t\t\t\t\t\t\t\t<p>Kumanya, zorlu ya\u015fam ko\u015fullar\u0131yla kar\u015f\u0131 kar\u015f\u0131ya kalan insanlara temel g\u0131da ihtiya\u00e7lar\u0131n\u0131 kar\u015f\u0131lamak amac\u0131yla \u00f6zel olarak haz\u0131rlanan bir g\u0131da paketidir. \u00d6zellikle do\u011fal afetler sonras\u0131, uzun yolculuklarda ya da acil durumlar gibi g\u0131daya ula\u015f\u0131m\u0131n zorla\u015ft\u0131\u011f\u0131 ya da ge\u00e7ici olarak m\u00fcmk\u00fcn olmad\u0131\u011f\u0131 durumlarda kullan\u0131l\u0131r.<\/p><p>Paket i\u00e7eri\u011fi, dengeli bir temel beslenme sa\u011flamaya y\u00f6nelik olarak haz\u0131rlanm\u0131\u015ft\u0131r. Genellikle konserve, kuru g\u0131da, pirin\u00e7, makarna, bisk\u00fcvi, i\u00e7me suyu ve baz\u0131 durumlarda besin takviyeleri gibi uzun \u00f6m\u00fcrl\u00fc ve kolay haz\u0131rlanabilen g\u0131dalardan olu\u015fur. Ama\u00e7, g\u00fcnl\u00fck besin ihtiyac\u0131n\u0131 kar\u015f\u0131layarak zor durumda olan ki\u015filere destek olmakt\u0131r.<\/p>\t\t\t\t\t\t\t\t<\/div>\n\t\t\t\t<\/div>\n\t\t\t\t\t<\/div>\n\t\t\t\t<\/div>\n\t\t<div class=\"elementor-element elementor-element-1c91714 e-flex e-con-boxed e-con e-parent\" data-id=\"1c91714\" data-element_type=\"container\">\n\t\t\t\t\t<div class=\"e-con-inner\">\n\t\t\t\t<div class=\"elementor-element elementor-element-17d2ade elementor-widget elementor-widget-heading\" data-id=\"17d2ade\" data-element_type=\"widget\" data-widget_type=\"heading.default\">\n\t\t\t\t<div class=\"elementor-widget-container\">\n\t\t\t\t\t<h2 class=\"elementor-heading-title elementor-size-default\">Kumanya neden bug\u00fcn her zamankinden daha \u00f6nemli?<\/h2>\t\t\t\t<\/div>\n\t\t\t\t<\/div>\n\t\t\t\t\t<\/div>\n\t\t\t\t<\/div>\n\t\t<div class=\"elementor-element elementor-element-105d220 e-flex e-con-boxed e-con e-parent\" data-id=\"105d220\" data-element_type=\"container\">\n\t\t\t\t\t<div class=\"e-con-inner\">\n\t\t\t\t<div class=\"elementor-element elementor-element-c4bc6a0 elementor-widget elementor-widget-text-editor\" data-id=\"c4bc6a0\" data-element_type=\"widget\" data-widget_type=\"text-editor.default\">\n\t\t\t\t<div class=\"elementor-widget-container\">\n\t\t\t\t\t\t\t\t\t<p>Yeterli ve sa\u011fl\u0131kl\u0131 g\u0131daya eri\u015fim, insan\u0131n en temel ihtiya\u00e7lar\u0131ndan biridir \u2013 ancak ne yaz\u0131k ki bu hak, d\u00fcnya genelinde milyonlarca insan i\u00e7in h\u00e2l\u00e2 ula\u015f\u0131lmaz durumda. Birle\u015fmi\u015f Milletler G\u0131da ve Tar\u0131m \u00d6rg\u00fct\u00fc\u2019n\u00fcn (FAO) yay\u0131mlad\u0131\u011f\u0131 \u201cD\u00fcnyada G\u0131da G\u00fcvencesi ve Beslenme Durumu 2024\u201d raporu, bu ger\u00e7e\u011fi g\u00f6zler \u00f6n\u00fcne seriyor:<\/p><p>2023 y\u0131l\u0131nda d\u00fcnya genelinde 733 milyon insan a\u00e7l\u0131kla kar\u015f\u0131 kar\u015f\u0131ya kald\u0131 \u2013 bu, yakla\u015f\u0131k her on bir ki\u015fiden birine denk geliyor.<\/p><p>Buna ek olarak, milyarlarca insan i\u00e7in sa\u011fl\u0131kl\u0131 ve besleyici bir beslenme maddi olarak m\u00fcmk\u00fcn de\u011fildir. Bu da, k\u00fcresel beslenme sorununu \u00e7a\u011f\u0131m\u0131z\u0131n en acil problemlerinden biri h\u00e2line getirmektedir.<\/p>\t\t\t\t\t\t\t\t<\/div>\n\t\t\t\t<\/div>\n\t\t\t\t\t<\/div>\n\t\t\t\t<\/div>\n\t\t<div class=\"elementor-element elementor-element-713f62b e-flex e-con-boxed e-con e-parent\" data-id=\"713f62b\" data-element_type=\"container\">\n\t\t\t\t\t<div class=\"e-con-inner\">\n\t\t\t\t<div class=\"elementor-element elementor-element-1ccead9 elementor-widget elementor-widget-heading\" data-id=\"1ccead9\" data-element_type=\"widget\" data-widget_type=\"heading.default\">\n\t\t\t\t<div class=\"elementor-widget-container\">\n\t\t\t\t\t<h2 class=\"elementor-heading-title elementor-size-default\">Kumanya\u2019n\u0131n Rol\u00fc<\/h2>\t\t\t\t<\/div>\n\t\t\t\t<\/div>\n\t\t\t\t\t<\/div>\n\t\t\t\t<\/div>\n\t\t<div class=\"elementor-element elementor-element-de6e700 e-flex e-con-boxed e-con e-parent\" data-id=\"de6e700\" data-element_type=\"container\">\n\t\t\t\t\t<div class=\"e-con-inner\">\n\t\t\t\t<div class=\"elementor-element elementor-element-4abf1a3 elementor-widget elementor-widget-text-editor\" data-id=\"4abf1a3\" data-element_type=\"widget\" data-widget_type=\"text-editor.default\">\n\t\t\t\t<div class=\"elementor-widget-container\">\n\t\t\t\t\t\t\t\t\t<p>Bu ger\u00e7ekler \u0131\u015f\u0131\u011f\u0131nda kumanya, merkezi bir rol \u00fcstlenmektedir: H\u0131zl\u0131, pratik ve etkili bir yard\u0131m sunar. Kolay ta\u015f\u0131nabilirli\u011fi ve h\u0131zl\u0131 bir \u015fekilde da\u011f\u0131t\u0131labilmesi sayesinde, kriz anlar\u0131nda veya ge\u00e7ici g\u0131da s\u0131k\u0131nt\u0131lar\u0131nda ihtiya\u00e7 sahiplerine zaman\u0131nda destek sa\u011flar.<\/p><p>Biz Nezir Europe i\u00e7in kumanya sadece bir g\u0131da paketi de\u011fildir \u2013 ayn\u0131 zamanda dayan\u0131\u015fman\u0131n, umudun ve do\u011fru zamanda ula\u015ft\u0131r\u0131lan somut yard\u0131m\u0131n bir sembol\u00fcd\u00fcr.<\/p>\t\t\t\t\t\t\t\t<\/div>\n\t\t\t\t<\/div>\n\t\t\t\t\t<\/div>\n\t\t\t\t<\/div>\n\t\t<div class=\"elementor-element elementor-element-8c497c6 e-flex e-con-boxed e-con e-parent\" data-id=\"8c497c6\" data-element_type=\"container\">\n\t\t\t\t\t<div class=\"e-con-inner\">\n\t\t\t\t<div class=\"elementor-element elementor-element-efd0e92 elementor-widget elementor-widget-heading\" data-id=\"efd0e92\" data-element_type=\"widget\" data-widget_type=\"heading.default\">\n\t\t\t\t<div class=\"elementor-widget-container\">\n\t\t\t\t\t<h2 class=\"elementor-heading-title elementor-size-default\">Senin deste\u011fin \u00e7ok \u015fey de\u011fi\u015ftirir<\/h2>\t\t\t\t<\/div>\n\t\t\t\t<\/div>\n\t\t\t\t\t<\/div>\n\t\t\t\t<\/div>\n\t\t<div class=\"elementor-element elementor-element-0eb8d59 e-flex e-con-boxed e-con e-parent\" data-id=\"0eb8d59\" data-element_type=\"container\">\n\t\t\t\t\t<div class=\"e-con-inner\">\n\t\t\t\t<div class=\"elementor-element elementor-element-19c3907 elementor-widget elementor-widget-text-editor\" data-id=\"19c3907\" data-element_type=\"widget\" data-widget_type=\"text-editor.default\">\n\t\t\t\t<div class=\"elementor-widget-container\">\n\t\t\t\t\t\t\t\t\t<p>Yapaca\u011f\u0131n\u0131z ba\u011f\u0131\u015f sayesinde, kumanya paketleri haz\u0131rlay\u0131p en \u00e7ok ihtiya\u00e7 duyulan yerlere ula\u015ft\u0131rabiliyoruz. Birlikte, zor durumda kalan insanlara bir nebze olsun g\u00fcven, ilgi ve insan onuruna yak\u0131\u015f\u0131r bir destek sunabiliriz.<\/p>\t\t\t\t\t\t\t\t<\/div>\n\t\t\t\t<\/div>\n\t\t\t\t\t<\/div>\n\t\t\t\t<\/div>\n\t\t\t\t<\/div>","protected":false},"excerpt":{"rendered":"<p>Kumanya, \u00f6zellikle afet, sava\u015f veya uzun yolculuklar gibi \u00f6zel durumlar i\u00e7in haz\u0131rlanan, temel besin ihtiya\u00e7lar\u0131n\u0131 kar\u015f\u0131lamaya y\u00f6nelik paketlenmi\u015f yiyecek ve i\u00e7ecek setidir. Genellikle uzun s\u00fcre saklanabilen, kolay t\u00fcketilebilen ve besleyici de\u011feri y\u00fcksek g\u0131dalar\u0131 i\u00e7erir.<\/p>","protected":false},"author":1,"featured_media":15476,"comment_status":"closed","ping_status":"closed","sticky":false,"template":"","format":"standard","meta":{"_acf_changed":false,"give_campaign_id":0,"footnotes":""},"categories":[39],"tags":[],"class_list":["post-554","post","type-post","status-publish","format-standard","has-post-thumbnail","hentry","category-detail"],"acf":[],"_links":{"self":[{"href":"https:\/\/nezir-europe.org\/tr_tr\/wp-json\/wp\/v2\/posts\/554","targetHints":{"allow":["GET"]}}],"collection":[{"href":"https:\/\/nezir-europe.org\/tr_tr\/wp-json\/wp\/v2\/posts"}],"about":[{"href":"https:\/\/nezir-europe.org\/tr_tr\/wp-json\/wp\/v2\/types\/post"}],"author":[{"embeddable":true,"href":"https:\/\/nezir-europe.org\/tr_tr\/wp-json\/wp\/v2\/users\/1"}],"replies":[{"embeddable":true,"href":"https:\/\/nezir-europe.org\/tr_tr\/wp-json\/wp\/v2\/comments?post=554"}],"version-history":[{"count":91,"href":"https:\/\/nezir-europe.org\/tr_tr\/wp-json\/wp\/v2\/posts\/554\/revisions"}],"predecessor-version":[{"id":15793,"href":"https:\/\/nezir-europe.org\/tr_tr\/wp-json\/wp\/v2\/posts\/554\/revisions\/15793"}],"wp:featuredmedia":[{"embeddable":true,"href":"https:\/\/nezir-europe.org\/tr_tr\/wp-json\/wp\/v2\/media\/15476"}],"wp:attachment":[{"href":"https:\/\/nezir-europe.org\/tr_tr\/wp-json\/wp\/v2\/media?parent=554"}],"wp:term":[{"taxonomy":"category","embeddable":true,"href":"https:\/\/nezir-europe.org\/tr_tr\/wp-json\/wp\/v2\/categories?post=554"},{"taxonomy":"post_tag","embeddable":true,"href":"https:\/\/nezir-europe.org\/tr_tr\/wp-json\/wp\/v2\/tags?post=554"}],"curies":[{"name":"wp","href":"https:\/\/api.w.org\/{rel}","templated":true}]}}