{"id":1259,"date":"2024-03-13T12:17:33","date_gmt":"2024-03-13T12:17:33","guid":{"rendered":"https:\/\/nezir-europe.org\/?p=1259"},"modified":"2025-12-31T21:15:05","modified_gmt":"2025-12-31T21:15:05","slug":"wajibqurban","status":"publish","type":"post","link":"https:\/\/nezir-europe.org\/tr_tr\/detail\/wajibqurban\/","title":{"rendered":"Vacip Kurban"},"content":{"rendered":"<div data-elementor-type=\"wp-post\" data-elementor-id=\"1259\" class=\"elementor elementor-1259\" data-elementor-post-type=\"post\">\n\t\t\t\t<div class=\"elementor-element elementor-element-37f5b13 e-flex e-con-boxed e-con e-parent\" data-id=\"37f5b13\" data-element_type=\"container\">\n\t\t\t\t\t<div class=\"e-con-inner\">\n\t\t\t\t<div class=\"elementor-element elementor-element-8a7b33a elementor-widget elementor-widget-template\" data-id=\"8a7b33a\" data-element_type=\"widget\" data-widget_type=\"template.default\">\n\t\t\t\t<div class=\"elementor-widget-container\">\n\t\t\t\t\t\t\t<div class=\"elementor-template\">\n\t\t\t\t\t<div data-elementor-type=\"single-post\" data-elementor-id=\"1872\" class=\"elementor elementor-1872\" data-elementor-post-type=\"elementor_library\">\n\t\t\t<div class=\"elementor-element elementor-element-4d6e81c0 e-con-full e-flex e-con e-parent\" data-id=\"4d6e81c0\" data-element_type=\"container\" data-settings=\"{&quot;background_background&quot;:&quot;gradient&quot;}\">\n\t\t<div class=\"elementor-element elementor-element-69d53f5c e-con-full e-flex e-con e-child\" data-id=\"69d53f5c\" data-element_type=\"container\" data-settings=\"{&quot;background_background&quot;:&quot;classic&quot;}\">\n\t\t\t\t<div class=\"elementor-element elementor-element-52fc0224 elementor-invisible elementor-widget elementor-widget-image\" data-id=\"52fc0224\" data-element_type=\"widget\" data-settings=\"{&quot;_animation&quot;:&quot;slideInLeft&quot;}\" data-widget_type=\"image.default\">\n\t\t\t\t<div class=\"elementor-widget-container\">\n\t\t\t\t\t\t\t\t\t\t\t\t\t\t\t<img fetchpriority=\"high\" decoding=\"async\" width=\"780\" height=\"756\" src=\"https:\/\/nezir-europe.org\/wp-content\/uploads\/2024\/03\/Vacip.png\" class=\"attachment-2048x2048 size-2048x2048 wp-image-15471\" alt=\"\" srcset=\"https:\/\/nezir-europe.org\/wp-content\/uploads\/2024\/03\/Vacip.png 780w, https:\/\/nezir-europe.org\/wp-content\/uploads\/2024\/03\/Vacip-300x291.png 300w, https:\/\/nezir-europe.org\/wp-content\/uploads\/2024\/03\/Vacip-768x744.png 768w, https:\/\/nezir-europe.org\/wp-content\/uploads\/2024\/03\/Vacip-12x12.png 12w\" sizes=\"(max-width: 780px) 100vw, 780px\" \/>\t\t\t\t\t\t\t\t\t\t\t\t\t\t\t<\/div>\n\t\t\t\t<\/div>\n\t\t\t\t<\/div>\n\t\t<div class=\"elementor-element elementor-element-29a52db2 e-con-full e-flex e-con e-child\" data-id=\"29a52db2\" data-element_type=\"container\" data-settings=\"{&quot;background_background&quot;:&quot;classic&quot;}\">\n\t\t<div class=\"elementor-element elementor-element-428c1452 e-flex e-con-boxed e-con e-child\" data-id=\"428c1452\" data-element_type=\"container\">\n\t\t\t\t\t<div class=\"e-con-inner\">\n\t\t\t\t<div class=\"elementor-element elementor-element-6d561807 animated-slow elementor-invisible elementor-widget elementor-widget-heading\" data-id=\"6d561807\" data-element_type=\"widget\" data-settings=\"{&quot;_animation&quot;:&quot;fadeIn&quot;}\" data-widget_type=\"heading.default\">\n\t\t\t\t<div class=\"elementor-widget-container\">\n\t\t\t\t\t<h1 class=\"elementor-heading-title elementor-size-default\">Vacip Kurban<\/h1>\t\t\t\t<\/div>\n\t\t\t\t<\/div>\n\t\t\t\t<div class=\"elementor-element elementor-element-652031b6 elementor-invisible elementor-widget elementor-widget-text-editor\" data-id=\"652031b6\" data-element_type=\"widget\" data-settings=\"{&quot;_animation&quot;:&quot;fadeIn&quot;,&quot;_animation_delay&quot;:200}\" data-widget_type=\"text-editor.default\">\n\t\t\t\t<div class=\"elementor-widget-container\">\n\t\t\t\t\t\t\t\t\tVacip kurban, Hz. \u0130brahim\u2019in (a.s.) teslimiyetini hat\u0131rlat\u0131r ve Kurban Bayram\u0131 g\u00fcnlerinde M\u00fcsl\u00fcmanlar i\u00e7in dini bir vecibedir. Allah\u2019a itaati ve takvay\u0131 simgelerken, ihtiya\u00e7 sahiplerine ula\u015farak sosyal sorumlulu\u011fun da bir g\u00f6stergesidir.\t\t\t\t\t\t\t\t<\/div>\n\t\t\t\t<\/div>\n\t\t\t\t\t<\/div>\n\t\t\t\t<\/div>\n\t\t\t\t<\/div>\n\t\t\t\t<\/div>\n\t\t\t\t<\/div>\n\t\t\t\t<\/div>\n\t\t\t\t\t\t<\/div>\n\t\t\t\t<\/div>\n\t\t\t\t\t<\/div>\n\t\t\t\t<\/div>\n\t\t<div class=\"elementor-element elementor-element-9b0e7af e-flex e-con-boxed e-con e-parent\" data-id=\"9b0e7af\" data-element_type=\"container\">\n\t\t\t\t\t<div class=\"e-con-inner\">\n\t\t\t\t<div class=\"elementor-element elementor-element-97edf9e elementor-widget elementor-widget-heading\" data-id=\"97edf9e\" data-element_type=\"widget\" data-widget_type=\"heading.default\">\n\t\t\t\t<div class=\"elementor-widget-container\">\n\t\t\t\t\t<h2 class=\"elementor-heading-title elementor-size-default\">Vacip Kurban nedir?<\/h2>\t\t\t\t<\/div>\n\t\t\t\t<\/div>\n\t\t\t\t\t<\/div>\n\t\t\t\t<\/div>\n\t\t<div class=\"elementor-element elementor-element-67854ee e-flex e-con-boxed e-con e-parent\" data-id=\"67854ee\" data-element_type=\"container\">\n\t\t\t\t\t<div class=\"e-con-inner\">\n\t\t\t\t<div class=\"elementor-element elementor-element-8edb602 elementor-widget elementor-widget-text-editor\" data-id=\"8edb602\" data-element_type=\"widget\" data-widget_type=\"text-editor.default\">\n\t\t\t\t<div class=\"elementor-widget-container\">\n\t\t\t\t\t\t\t\t\t<p>Kurban, \u201cAllah'a yakla\u015fmak\u201d anlam\u0131na gelen dini bir ibadettir. \u0130slam'da bir hayvan\u0131n kurban edilmesi, \u00f6zellikle Kurban Bayram\u0131'nda (\u02bfId al-A\u1e0d\u1e25\u0101) en \u00f6nemli ibadet eylemlerinden biridir.<br \/>Maddi durumu elveri\u015fli olan t\u00fcm M\u00fcsl\u00fcmanlar\u0131n bayram g\u00fcnlerinde geleneksel kurallara g\u00f6re kurban kesmeleri vaciptir.<\/p><p>\u201cOnlar\u0131n ne etleri ne de kanlar\u0131 Allah\u2019a ula\u015f\u0131r. Allah\u2019a ula\u015fan yaln\u0131zca sizin takvan\u0131zd\u0131r.\u201d (Hac Suresi, 22:37)<\/p><p>Kurban\u0131n amac\u0131 kesimin kendisi de\u011fil, Allah'a yakla\u015fmak ve iyili\u011fi payla\u015fmak i\u00e7in samimi bir niyettir. Etin b\u00fcy\u00fck bir k\u0131sm\u0131 geleneksel olarak kom\u015fularla, akrabalarla ve ihtiya\u00e7 sahipleriyle payla\u015f\u0131l\u0131r. V\u00e2cip Kurban b\u00f6ylece sadece Allah ile olan ili\u015fkiyi de\u011fil, ayn\u0131 zamanda toplumsal dayan\u0131\u015fmay\u0131 da g\u00fc\u00e7lendirir.<\/p>\t\t\t\t\t\t\t\t<\/div>\n\t\t\t\t<\/div>\n\t\t\t\t\t<\/div>\n\t\t\t\t<\/div>\n\t\t<div class=\"elementor-element elementor-element-70a5291 e-flex e-con-boxed e-con e-parent\" data-id=\"70a5291\" data-element_type=\"container\">\n\t\t\t\t\t<div class=\"e-con-inner\">\n\t\t\t\t<div class=\"elementor-element elementor-element-f824d94 elementor-widget elementor-widget-heading\" data-id=\"f824d94\" data-element_type=\"widget\" data-widget_type=\"heading.default\">\n\t\t\t\t<div class=\"elementor-widget-container\">\n\t\t\t\t\t<h2 class=\"elementor-heading-title elementor-size-default\">Vacip Kurban'a ne zaman ve nas\u0131l ba\u011f\u0131\u015f yapabilirim?<\/h2>\t\t\t\t<\/div>\n\t\t\t\t<\/div>\n\t\t\t\t\t<\/div>\n\t\t\t\t<\/div>\n\t\t<div class=\"elementor-element elementor-element-95761da e-flex e-con-boxed e-con e-parent\" data-id=\"95761da\" data-element_type=\"container\">\n\t\t\t\t\t<div class=\"e-con-inner\">\n\t\t\t\t<div class=\"elementor-element elementor-element-cdfcb72 elementor-widget elementor-widget-text-editor\" data-id=\"cdfcb72\" data-element_type=\"widget\" data-widget_type=\"text-editor.default\">\n\t\t\t\t<div class=\"elementor-widget-container\">\n\t\t\t\t\t\t\t\t\t<p>Vacip Kurban ba\u011f\u0131\u015flar\u0131 her y\u0131l Kurban Bayram\u0131'ndan yakla\u015f\u0131k bir ay \u00f6ncesinden Kurban Bayram\u0131'n\u0131n son g\u00fcn\u00fcne kadar Nezir Avrupa arac\u0131l\u0131\u011f\u0131yla yap\u0131labilmektedir. Ba\u011f\u0131\u015flar web sitesi \u00fczerinden, banka havalesi yoluyla veya makbuz kar\u015f\u0131l\u0131\u011f\u0131nda \u015fahsen yap\u0131labilir. Ba\u011f\u0131\u015f\u0131n\u0131z al\u0131n\u0131r al\u0131nmaz, t\u00fcm s\u00fcrecin organizasyonu ba\u015flar.<\/p>\t\t\t\t\t\t\t\t<\/div>\n\t\t\t\t<\/div>\n\t\t\t\t\t<\/div>\n\t\t\t\t<\/div>\n\t\t<div class=\"elementor-element elementor-element-dfe0422 e-flex e-con-boxed e-con e-parent\" data-id=\"dfe0422\" data-element_type=\"container\">\n\t\t\t\t\t<div class=\"e-con-inner\">\n\t\t\t\t<div class=\"elementor-element elementor-element-15d2d72 elementor-widget elementor-widget-heading\" data-id=\"15d2d72\" data-element_type=\"widget\" data-widget_type=\"heading.default\">\n\t\t\t\t<div class=\"elementor-widget-container\">\n\t\t\t\t\t<h2 class=\"elementor-heading-title elementor-size-default\">Kurban kesimi nas\u0131l ger\u00e7ekle\u015fiyor?<\/h2>\t\t\t\t<\/div>\n\t\t\t\t<\/div>\n\t\t\t\t\t<\/div>\n\t\t\t\t<\/div>\n\t\t<div class=\"elementor-element elementor-element-09ac8d5 e-flex e-con-boxed e-con e-parent\" data-id=\"09ac8d5\" data-element_type=\"container\">\n\t\t\t\t\t<div class=\"e-con-inner\">\n\t\t\t\t<div class=\"elementor-element elementor-element-af21049 elementor-widget elementor-widget-text-editor\" data-id=\"af21049\" data-element_type=\"widget\" data-widget_type=\"text-editor.default\">\n\t\t\t\t<div class=\"elementor-widget-container\">\n\t\t\t\t\t\t\t\t\t<p>Vacip Kurban kesimi, \u0130slam'da \u00f6ng\u00f6r\u00fcld\u00fc\u011f\u00fc gibi, yaln\u0131zca Kurban Bayram\u0131'n\u0131n \u00fc\u00e7 g\u00fcn\u00fc boyunca ger\u00e7ekle\u015fir.<\/p><p>Nezir Avrupa, \u00f6zellikle Afrika ve Asya'n\u0131n dezavantajl\u0131 b\u00f6lgelerinde talebin y\u00fcksek oldu\u011fu b\u00f6lgelerde kesim organize etmektedir. Deneyimli \u00e7al\u0131\u015fanlar ve sahadaki e\u011fitimli g\u00f6zlemciler her ad\u0131mda e\u015flik etmektedir.<\/p><p>Hayvan\u0131n sa\u011fl\u0131\u011f\u0131 ve ya\u015f\u0131ndan rit\u00fcel kesime kadar \u0130slami kurallara uyulmas\u0131na b\u00fcy\u00fck \u00f6zen g\u00f6sterilmektedir.<\/p><ul><li>Hayvanlar \u00f6zenle se\u00e7ilir ve kontrol edilir<\/li><li>Kesim, \u0130slam alimleri ve veteriner hekimlerin g\u00f6zetimi alt\u0131nda ger\u00e7ekle\u015ftirilir<\/li><li>Ba\u011f\u0131\u015f\u00e7\u0131lar\u0131n isimleri veya niyetleri kesim s\u0131ras\u0131nda belirtilir<\/li><li>Etler hijyenik bir \u015fekilde porsiyonlan\u0131r (3-7 kg) ve ihtiya\u00e7 sahiplerine, yetimhanelere veya sosyal kurulu\u015flara da\u011f\u0131t\u0131l\u0131r<\/li><\/ul>\t\t\t\t\t\t\t\t<\/div>\n\t\t\t\t<\/div>\n\t\t\t\t\t<\/div>\n\t\t\t\t<\/div>\n\t\t<div class=\"elementor-element elementor-element-82a8d3b e-flex e-con-boxed e-con e-parent\" data-id=\"82a8d3b\" data-element_type=\"container\">\n\t\t\t\t\t<div class=\"e-con-inner\">\n\t\t\t\t<div class=\"elementor-element elementor-element-aa1fe43 elementor-widget elementor-widget-heading\" data-id=\"aa1fe43\" data-element_type=\"widget\" data-widget_type=\"heading.default\">\n\t\t\t\t<div class=\"elementor-widget-container\">\n\t\t\t\t\t<h2 class=\"elementor-heading-title elementor-size-default\">Vacip Kurban neden sadece belirli g\u00fcnlerde m\u00fcmk\u00fcnd\u00fcr?<\/h2>\t\t\t\t<\/div>\n\t\t\t\t<\/div>\n\t\t\t\t\t<\/div>\n\t\t\t\t<\/div>\n\t\t<div class=\"elementor-element elementor-element-4e80beb e-flex e-con-boxed e-con e-parent\" data-id=\"4e80beb\" data-element_type=\"container\">\n\t\t\t\t\t<div class=\"e-con-inner\">\n\t\t\t\t<div class=\"elementor-element elementor-element-6d33acd elementor-widget elementor-widget-text-editor\" data-id=\"6d33acd\" data-element_type=\"widget\" data-widget_type=\"text-editor.default\">\n\t\t\t\t<div class=\"elementor-widget-container\">\n\t\t\t\t\t\t\t\t\t<p>G\u00f6n\u00fcll\u00fc kurban t\u00fcrlerinin aksine, Vacip Kurban sadece festivalin \u00fc\u00e7 g\u00fcn\u00fcnde d\u00fczenlenebilir. Bu nedenle organizasyon, Nezir Europe taraf\u0131ndan yo\u011fun bir haz\u0131rl\u0131k ve dikkatli bir koordinasyonla \u00e7ok dar bir zaman aral\u0131\u011f\u0131nda ger\u00e7ekle\u015ftirilir.<\/p>\t\t\t\t\t\t\t\t<\/div>\n\t\t\t\t<\/div>\n\t\t\t\t\t<\/div>\n\t\t\t\t<\/div>\n\t\t<div class=\"elementor-element elementor-element-532a75b e-flex e-con-boxed e-con e-parent\" data-id=\"532a75b\" data-element_type=\"container\">\n\t\t\t\t\t<div class=\"e-con-inner\">\n\t\t\t\t<div class=\"elementor-element elementor-element-a803b1c elementor-widget elementor-widget-heading\" data-id=\"a803b1c\" data-element_type=\"widget\" data-widget_type=\"heading.default\">\n\t\t\t\t<div class=\"elementor-widget-container\">\n\t\t\t\t\t<h2 class=\"elementor-heading-title elementor-size-default\">Organizasyon s\u00fcreci detayl\u0131 olarak nas\u0131l ilerliyor?<\/h2>\t\t\t\t<\/div>\n\t\t\t\t<\/div>\n\t\t\t\t\t<\/div>\n\t\t\t\t<\/div>\n\t\t<div class=\"elementor-element elementor-element-23f25e9 e-flex e-con-boxed e-con e-parent\" data-id=\"23f25e9\" data-element_type=\"container\">\n\t\t\t\t\t<div class=\"e-con-inner\">\n\t\t\t\t<div class=\"elementor-element elementor-element-d47453a elementor-widget elementor-widget-text-editor\" data-id=\"d47453a\" data-element_type=\"widget\" data-widget_type=\"text-editor.default\">\n\t\t\t\t<div class=\"elementor-widget-container\">\n\t\t\t\t\t\t\t\t\t<p>Ba\u011f\u0131\u015flar\u0131n kabul\u00fc: Web sitesi \u00fczerinden veya banka havalesi ile<\/p><p>Grup olu\u015fturma: Hayvan t\u00fcr\u00fcne ba\u011fl\u0131 olarak ba\u011f\u0131\u015flar 7'li gruplara ayr\u0131labilir<\/p><p>Yerinde inceleme: Ekiplerimiz lokasyonlar\u0131, kesimhaneleri ve da\u011f\u0131t\u0131m se\u00e7eneklerini analiz eder<\/p><p>Kesim: Bayram d\u00f6neminde, \u0130slami g\u00f6zetim alt\u0131nda ve ba\u011f\u0131\u015f\u00e7\u0131n\u0131n niyeti belirtilerek ger\u00e7ekle\u015ftirilir<\/p><p>Da\u011f\u0131t\u0131m: Etler hijyenik olarak paketlenir ve ihtiya\u00e7 sahiplerine da\u011f\u0131t\u0131lmak \u00fczere \u00f6nceliklendirilir<\/p>\t\t\t\t\t\t\t\t<\/div>\n\t\t\t\t<\/div>\n\t\t\t\t\t<\/div>\n\t\t\t\t<\/div>\n\t\t<div class=\"elementor-element elementor-element-2474de3 e-flex e-con-boxed e-con e-parent\" data-id=\"2474de3\" data-element_type=\"container\">\n\t\t\t\t\t<div class=\"e-con-inner\">\n\t\t\t\t<div class=\"elementor-element elementor-element-174420c elementor-widget elementor-widget-heading\" data-id=\"174420c\" data-element_type=\"widget\" data-widget_type=\"heading.default\">\n\t\t\t\t<div class=\"elementor-widget-container\">\n\t\t\t\t\t<h2 class=\"elementor-heading-title elementor-size-default\">Ba\u011f\u0131\u015f\u0131n\u0131z \u2013 Etkiniz<\/h2>\t\t\t\t<\/div>\n\t\t\t\t<\/div>\n\t\t\t\t\t<\/div>\n\t\t\t\t<\/div>\n\t\t<div class=\"elementor-element elementor-element-126736b e-flex e-con-boxed e-con e-parent\" data-id=\"126736b\" data-element_type=\"container\">\n\t\t\t\t\t<div class=\"e-con-inner\">\n\t\t\t\t<div class=\"elementor-element elementor-element-7cd1624 elementor-widget elementor-widget-text-editor\" data-id=\"7cd1624\" data-element_type=\"widget\" data-widget_type=\"text-editor.default\">\n\t\t\t\t<div class=\"elementor-widget-container\">\n\t\t\t\t\t\t\t\t\t<p>Nezir Europe arac\u0131l\u0131\u011f\u0131yla Vacip Kurban ba\u011f\u0131\u015f\u0131nda bulunarak yaln\u0131zca dini bir vecibeyi yerine getirmekle kalm\u0131yor, ayn\u0131 zamanda ihtiya\u00e7 sahibi insanlara umut, ilgi ve destek de vermi\u015f oluyorsunuz.<\/p>\t\t\t\t\t\t\t\t<\/div>\n\t\t\t\t<\/div>\n\t\t\t\t\t<\/div>\n\t\t\t\t<\/div>\n\t\t\t\t<\/div>","protected":false},"excerpt":{"rendered":"<p>Vacip kurban, Hz. \u0130brahim\u2019in (a.s.) teslimiyetini hat\u0131rlat\u0131r ve Kurban Bayram\u0131 g\u00fcnlerinde M\u00fcsl\u00fcmanlar i\u00e7in dini bir vecibedir. Allah\u2019a itaati ve takvay\u0131 simgelerken, ihtiya\u00e7 sahiplerine ula\u015farak sosyal sorumlulu\u011fun da bir g\u00f6stergesidir.<\/p>","protected":false},"author":1,"featured_media":15471,"comment_status":"closed","ping_status":"closed","sticky":false,"template":"","format":"standard","meta":{"_acf_changed":false,"give_campaign_id":0,"footnotes":""},"categories":[39],"tags":[],"class_list":["post-1259","post","type-post","status-publish","format-standard","has-post-thumbnail","hentry","category-detail"],"acf":[],"_links":{"self":[{"href":"https:\/\/nezir-europe.org\/tr_tr\/wp-json\/wp\/v2\/posts\/1259","targetHints":{"allow":["GET"]}}],"collection":[{"href":"https:\/\/nezir-europe.org\/tr_tr\/wp-json\/wp\/v2\/posts"}],"about":[{"href":"https:\/\/nezir-europe.org\/tr_tr\/wp-json\/wp\/v2\/types\/post"}],"author":[{"embeddable":true,"href":"https:\/\/nezir-europe.org\/tr_tr\/wp-json\/wp\/v2\/users\/1"}],"replies":[{"embeddable":true,"href":"https:\/\/nezir-europe.org\/tr_tr\/wp-json\/wp\/v2\/comments?post=1259"}],"version-history":[{"count":32,"href":"https:\/\/nezir-europe.org\/tr_tr\/wp-json\/wp\/v2\/posts\/1259\/revisions"}],"predecessor-version":[{"id":15798,"href":"https:\/\/nezir-europe.org\/tr_tr\/wp-json\/wp\/v2\/posts\/1259\/revisions\/15798"}],"wp:featuredmedia":[{"embeddable":true,"href":"https:\/\/nezir-europe.org\/tr_tr\/wp-json\/wp\/v2\/media\/15471"}],"wp:attachment":[{"href":"https:\/\/nezir-europe.org\/tr_tr\/wp-json\/wp\/v2\/media?parent=1259"}],"wp:term":[{"taxonomy":"category","embeddable":true,"href":"https:\/\/nezir-europe.org\/tr_tr\/wp-json\/wp\/v2\/categories?post=1259"},{"taxonomy":"post_tag","embeddable":true,"href":"https:\/\/nezir-europe.org\/tr_tr\/wp-json\/wp\/v2\/tags?post=1259"}],"curies":[{"name":"wp","href":"https:\/\/api.w.org\/{rel}","templated":true}]}}