{"id":565,"date":"2024-02-29T20:12:16","date_gmt":"2024-02-29T20:12:16","guid":{"rendered":"https:\/\/nezir-europe.org\/?p=565"},"modified":"2025-12-31T21:14:44","modified_gmt":"2025-12-31T21:14:44","slug":"fitre","status":"publish","type":"post","link":"https:\/\/nezir-europe.org\/sv_se\/detail\/fitre\/","title":{"rendered":"Fitre"},"content":{"rendered":"<div data-elementor-type=\"wp-post\" data-elementor-id=\"565\" class=\"elementor elementor-565\" data-elementor-post-type=\"post\">\n\t\t\t\t<div class=\"elementor-element elementor-element-9569404 e-flex e-con-boxed e-con e-parent\" data-id=\"9569404\" data-element_type=\"container\">\n\t\t\t\t\t<div class=\"e-con-inner\">\n\t\t\t\t<div class=\"elementor-element elementor-element-1c37d3c elementor-widget elementor-widget-template\" data-id=\"1c37d3c\" data-element_type=\"widget\" data-widget_type=\"template.default\">\n\t\t\t\t<div class=\"elementor-widget-container\">\n\t\t\t\t\t\t\t<div class=\"elementor-template\">\n\t\t\t\t\t<div data-elementor-type=\"single-post\" data-elementor-id=\"1872\" class=\"elementor elementor-1872\" data-elementor-post-type=\"elementor_library\">\n\t\t\t<div class=\"elementor-element elementor-element-4d6e81c0 e-con-full e-flex e-con e-parent\" data-id=\"4d6e81c0\" data-element_type=\"container\" data-settings=\"{&quot;background_background&quot;:&quot;gradient&quot;}\">\n\t\t<div class=\"elementor-element elementor-element-69d53f5c e-con-full e-flex e-con e-child\" data-id=\"69d53f5c\" data-element_type=\"container\" data-settings=\"{&quot;background_background&quot;:&quot;classic&quot;}\">\n\t\t\t\t<div class=\"elementor-element elementor-element-52fc0224 elementor-invisible elementor-widget elementor-widget-image\" data-id=\"52fc0224\" data-element_type=\"widget\" data-settings=\"{&quot;_animation&quot;:&quot;slideInLeft&quot;}\" data-widget_type=\"image.default\">\n\t\t\t\t<div class=\"elementor-widget-container\">\n\t\t\t\t\t\t\t\t\t\t\t\t\t\t\t<img fetchpriority=\"high\" decoding=\"async\" width=\"780\" height=\"756\" src=\"https:\/\/nezir-europe.org\/wp-content\/uploads\/2024\/02\/fitre.png\" class=\"attachment-2048x2048 size-2048x2048 wp-image-15469\" alt=\"\" srcset=\"https:\/\/nezir-europe.org\/wp-content\/uploads\/2024\/02\/fitre.png 780w, https:\/\/nezir-europe.org\/wp-content\/uploads\/2024\/02\/fitre-300x291.png 300w, https:\/\/nezir-europe.org\/wp-content\/uploads\/2024\/02\/fitre-768x744.png 768w, https:\/\/nezir-europe.org\/wp-content\/uploads\/2024\/02\/fitre-12x12.png 12w\" sizes=\"(max-width: 780px) 100vw, 780px\" \/>\t\t\t\t\t\t\t\t\t\t\t\t\t\t\t<\/div>\n\t\t\t\t<\/div>\n\t\t\t\t<\/div>\n\t\t<div class=\"elementor-element elementor-element-29a52db2 e-con-full e-flex e-con e-child\" data-id=\"29a52db2\" data-element_type=\"container\" data-settings=\"{&quot;background_background&quot;:&quot;classic&quot;}\">\n\t\t<div class=\"elementor-element elementor-element-428c1452 e-flex e-con-boxed e-con e-child\" data-id=\"428c1452\" data-element_type=\"container\">\n\t\t\t\t\t<div class=\"e-con-inner\">\n\t\t\t\t<div class=\"elementor-element elementor-element-6d561807 animated-slow elementor-invisible elementor-widget elementor-widget-heading\" data-id=\"6d561807\" data-element_type=\"widget\" data-settings=\"{&quot;_animation&quot;:&quot;fadeIn&quot;}\" data-widget_type=\"heading.default\">\n\t\t\t\t<div class=\"elementor-widget-container\">\n\t\t\t\t\t<h1 class=\"elementor-heading-title elementor-size-default\">Fitre<\/h1>\t\t\t\t<\/div>\n\t\t\t\t<\/div>\n\t\t\t\t<div class=\"elementor-element elementor-element-652031b6 elementor-invisible elementor-widget elementor-widget-text-editor\" data-id=\"652031b6\" data-element_type=\"widget\" data-settings=\"{&quot;_animation&quot;:&quot;fadeIn&quot;,&quot;_animation_delay&quot;:200}\" data-widget_type=\"text-editor.default\">\n\t\t\t\t<div class=\"elementor-widget-container\">\n\t\t\t\t\t\t\t\t\tBetalningen av Zakat-ul-Fitr \u00e4r obligatorisk f\u00f6r varje muslim inom islam. Den ses som en form av rening och kompensation f\u00f6r eventuella brister under ramadan och betonar det sociala ansvaret gentemot beh\u00f6vande.\t\t\t\t\t\t\t\t<\/div>\n\t\t\t\t<\/div>\n\t\t\t\t\t<\/div>\n\t\t\t\t<\/div>\n\t\t\t\t<\/div>\n\t\t\t\t<\/div>\n\t\t\t\t<\/div>\n\t\t\t\t<\/div>\n\t\t\t\t\t\t<\/div>\n\t\t\t\t<\/div>\n\t\t\t\t\t<\/div>\n\t\t\t\t<\/div>\n\t\t<div class=\"elementor-element elementor-element-57b6d33 e-flex e-con-boxed e-con e-parent\" data-id=\"57b6d33\" data-element_type=\"container\">\n\t\t\t\t\t<div class=\"e-con-inner\">\n\t\t\t\t<div class=\"elementor-element elementor-element-dbe306a elementor-widget elementor-widget-heading\" data-id=\"dbe306a\" data-element_type=\"widget\" data-widget_type=\"heading.default\">\n\t\t\t\t<div class=\"elementor-widget-container\">\n\t\t\t\t\t<h2 class=\"elementor-heading-title elementor-size-default\">Vad \u00e4r Fitre?<\/h2>\t\t\t\t<\/div>\n\t\t\t\t<\/div>\n\t\t\t\t\t<\/div>\n\t\t\t\t<\/div>\n\t\t<div class=\"elementor-element elementor-element-a30627a e-flex e-con-boxed e-con e-parent\" data-id=\"a30627a\" data-element_type=\"container\">\n\t\t\t\t\t<div class=\"e-con-inner\">\n\t\t\t\t<div class=\"elementor-element elementor-element-1ff6ac6 elementor-widget elementor-widget-text-editor\" data-id=\"1ff6ac6\" data-element_type=\"widget\" data-widget_type=\"text-editor.default\">\n\t\t\t\t<div class=\"elementor-widget-container\">\n\t\t\t\t\t\t\t\t\t<p>Ramadan \u00e4r en tid av ljus, andlig reflektion och innerlig samh\u00f6righet. Under dessa v\u00e4lsignade dagar str\u00e4cker sig h\u00e4nderna ut i givmildhet och hj\u00e4rtan fylls av tacksamhet, t\u00e5lamod och medk\u00e4nsla. I slutet av denna m\u00e5nad kommer en meningsfull handling: Fitre.<\/p><p>Fitre \u00e4r en obligatorisk allmosa som ges till dem i n\u00f6d, s\u00e4rskilt till dem som inte kunnat fasta. Men fitre \u00e4r mer \u00e4n ekonomisk hj\u00e4lp \u2013 det m\u00e4ttar inte bara magen utan ocks\u00e5 hj\u00e4rtat. Det sk\u00e4nker hopp, tr\u00f6st och p\u00e5minner oss om att \u00e4kta givande ber\u00f6r sj\u00e4len.<\/p><p>Fitre st\u00e4rker gemenskapen och g\u00f6r det m\u00f6jligt f\u00f6r beh\u00f6vande att fira Eid med v\u00e4rdighet och gl\u00e4dje. Ett litet bidrag kan ge ett leende, en m\u00e5ltid kan inge hopp, en gest kan visa barmh\u00e4rtighet.<\/p><p>Fitre berikar b\u00e5de givaren och mottagaren. Det \u00e4r en chans att f\u00f6rverkliga barmh\u00e4rtighet, dela k\u00e4rlek och l\u00e4mna m\u00e4nskliga sp\u00e5r efter sig.<\/p><p>Genom att ge din fitre via Nezir Europe ger du andra en chans att k\u00e4nna festens gl\u00e4dje. Det \u00e4r en tyst men stark handling av omtanke \u2013 ett hj\u00e4rtats g\u00e5va.<\/p>\t\t\t\t\t\t\t\t<\/div>\n\t\t\t\t<\/div>\n\t\t\t\t\t<\/div>\n\t\t\t\t<\/div>\n\t\t\t\t<\/div>","protected":false},"excerpt":{"rendered":"<p>Betalningen av Zakat-ul-Fitr \u00e4r obligatorisk f\u00f6r varje muslim inom islam. Den ses som en form av rening och kompensation f\u00f6r eventuella brister under ramadan och betonar det sociala ansvaret gentemot beh\u00f6vande.<\/p>","protected":false},"author":1,"featured_media":15469,"comment_status":"closed","ping_status":"closed","sticky":false,"template":"","format":"standard","meta":{"_acf_changed":false,"give_campaign_id":0,"footnotes":""},"categories":[39],"tags":[],"class_list":["post-565","post","type-post","status-publish","format-standard","has-post-thumbnail","hentry","category-detail"],"acf":[],"_links":{"self":[{"href":"https:\/\/nezir-europe.org\/sv_se\/wp-json\/wp\/v2\/posts\/565","targetHints":{"allow":["GET"]}}],"collection":[{"href":"https:\/\/nezir-europe.org\/sv_se\/wp-json\/wp\/v2\/posts"}],"about":[{"href":"https:\/\/nezir-europe.org\/sv_se\/wp-json\/wp\/v2\/types\/post"}],"author":[{"embeddable":true,"href":"https:\/\/nezir-europe.org\/sv_se\/wp-json\/wp\/v2\/users\/1"}],"replies":[{"embeddable":true,"href":"https:\/\/nezir-europe.org\/sv_se\/wp-json\/wp\/v2\/comments?post=565"}],"version-history":[{"count":38,"href":"https:\/\/nezir-europe.org\/sv_se\/wp-json\/wp\/v2\/posts\/565\/revisions"}],"predecessor-version":[{"id":15796,"href":"https:\/\/nezir-europe.org\/sv_se\/wp-json\/wp\/v2\/posts\/565\/revisions\/15796"}],"wp:featuredmedia":[{"embeddable":true,"href":"https:\/\/nezir-europe.org\/sv_se\/wp-json\/wp\/v2\/media\/15469"}],"wp:attachment":[{"href":"https:\/\/nezir-europe.org\/sv_se\/wp-json\/wp\/v2\/media?parent=565"}],"wp:term":[{"taxonomy":"category","embeddable":true,"href":"https:\/\/nezir-europe.org\/sv_se\/wp-json\/wp\/v2\/categories?post=565"},{"taxonomy":"post_tag","embeddable":true,"href":"https:\/\/nezir-europe.org\/sv_se\/wp-json\/wp\/v2\/tags?post=565"}],"curies":[{"name":"wp","href":"https:\/\/api.w.org\/{rel}","templated":true}]}}