{"id":1259,"date":"2024-03-13T12:17:33","date_gmt":"2024-03-13T12:17:33","guid":{"rendered":"https:\/\/nezir-europe.org\/?p=1259"},"modified":"2025-12-31T21:15:05","modified_gmt":"2025-12-31T21:15:05","slug":"wajibqurban","status":"publish","type":"post","link":"https:\/\/nezir-europe.org\/sv_se\/detail\/wajibqurban\/","title":{"rendered":"W\u0101jib Qurban"},"content":{"rendered":"<div data-elementor-type=\"wp-post\" data-elementor-id=\"1259\" class=\"elementor elementor-1259\" data-elementor-post-type=\"post\">\n\t\t\t\t<div class=\"elementor-element elementor-element-37f5b13 e-flex e-con-boxed e-con e-parent\" data-id=\"37f5b13\" data-element_type=\"container\">\n\t\t\t\t\t<div class=\"e-con-inner\">\n\t\t\t\t<div class=\"elementor-element elementor-element-8a7b33a elementor-widget elementor-widget-template\" data-id=\"8a7b33a\" data-element_type=\"widget\" data-widget_type=\"template.default\">\n\t\t\t\t<div class=\"elementor-widget-container\">\n\t\t\t\t\t\t\t<div class=\"elementor-template\">\n\t\t\t\t\t<div data-elementor-type=\"single-post\" data-elementor-id=\"1872\" class=\"elementor elementor-1872\" data-elementor-post-type=\"elementor_library\">\n\t\t\t<div class=\"elementor-element elementor-element-4d6e81c0 e-con-full e-flex e-con e-parent\" data-id=\"4d6e81c0\" data-element_type=\"container\" data-settings=\"{&quot;background_background&quot;:&quot;gradient&quot;}\">\n\t\t<div class=\"elementor-element elementor-element-69d53f5c e-con-full e-flex e-con e-child\" data-id=\"69d53f5c\" data-element_type=\"container\" data-settings=\"{&quot;background_background&quot;:&quot;classic&quot;}\">\n\t\t\t\t<div class=\"elementor-element elementor-element-52fc0224 elementor-invisible elementor-widget elementor-widget-image\" data-id=\"52fc0224\" data-element_type=\"widget\" data-settings=\"{&quot;_animation&quot;:&quot;slideInLeft&quot;}\" data-widget_type=\"image.default\">\n\t\t\t\t<div class=\"elementor-widget-container\">\n\t\t\t\t\t\t\t\t\t\t\t\t\t\t\t<img fetchpriority=\"high\" decoding=\"async\" width=\"780\" height=\"756\" src=\"https:\/\/nezir-europe.org\/wp-content\/uploads\/2024\/03\/Vacip.png\" class=\"attachment-2048x2048 size-2048x2048 wp-image-15471\" alt=\"\" srcset=\"https:\/\/nezir-europe.org\/wp-content\/uploads\/2024\/03\/Vacip.png 780w, https:\/\/nezir-europe.org\/wp-content\/uploads\/2024\/03\/Vacip-300x291.png 300w, https:\/\/nezir-europe.org\/wp-content\/uploads\/2024\/03\/Vacip-768x744.png 768w, https:\/\/nezir-europe.org\/wp-content\/uploads\/2024\/03\/Vacip-12x12.png 12w\" sizes=\"(max-width: 780px) 100vw, 780px\" \/>\t\t\t\t\t\t\t\t\t\t\t\t\t\t\t<\/div>\n\t\t\t\t<\/div>\n\t\t\t\t<\/div>\n\t\t<div class=\"elementor-element elementor-element-29a52db2 e-con-full e-flex e-con e-child\" data-id=\"29a52db2\" data-element_type=\"container\" data-settings=\"{&quot;background_background&quot;:&quot;classic&quot;}\">\n\t\t<div class=\"elementor-element elementor-element-428c1452 e-flex e-con-boxed e-con e-child\" data-id=\"428c1452\" data-element_type=\"container\">\n\t\t\t\t\t<div class=\"e-con-inner\">\n\t\t\t\t<div class=\"elementor-element elementor-element-6d561807 animated-slow elementor-invisible elementor-widget elementor-widget-heading\" data-id=\"6d561807\" data-element_type=\"widget\" data-settings=\"{&quot;_animation&quot;:&quot;fadeIn&quot;}\" data-widget_type=\"heading.default\">\n\t\t\t\t<div class=\"elementor-widget-container\">\n\t\t\t\t\t<h1 class=\"elementor-heading-title elementor-size-default\">W\u0101jib Qurban<\/h1>\t\t\t\t<\/div>\n\t\t\t\t<\/div>\n\t\t\t\t<div class=\"elementor-element elementor-element-652031b6 elementor-invisible elementor-widget elementor-widget-text-editor\" data-id=\"652031b6\" data-element_type=\"widget\" data-settings=\"{&quot;_animation&quot;:&quot;fadeIn&quot;,&quot;_animation_delay&quot;:200}\" data-widget_type=\"text-editor.default\">\n\t\t\t\t<div class=\"elementor-widget-container\">\n\t\t\t\t\t\t\t\t\tW\u0101jib Qurban p\u00e5minner om profeten Ibrahims (a.s.) h\u00e4ngivenhet och \u00e4r en religi\u00f6s plikt f\u00f6r muslimer under Eid al-Adha. Det uttrycker lydnad inf\u00f6r Allah och ett socialt ansvar genom att hj\u00e4lpa de beh\u00f6vande.\t\t\t\t\t\t\t\t<\/div>\n\t\t\t\t<\/div>\n\t\t\t\t\t<\/div>\n\t\t\t\t<\/div>\n\t\t\t\t<\/div>\n\t\t\t\t<\/div>\n\t\t\t\t<\/div>\n\t\t\t\t<\/div>\n\t\t\t\t\t\t<\/div>\n\t\t\t\t<\/div>\n\t\t\t\t\t<\/div>\n\t\t\t\t<\/div>\n\t\t<div class=\"elementor-element elementor-element-9b0e7af e-flex e-con-boxed e-con e-parent\" data-id=\"9b0e7af\" data-element_type=\"container\">\n\t\t\t\t\t<div class=\"e-con-inner\">\n\t\t\t\t<div class=\"elementor-element elementor-element-97edf9e elementor-widget elementor-widget-heading\" data-id=\"97edf9e\" data-element_type=\"widget\" data-widget_type=\"heading.default\">\n\t\t\t\t<div class=\"elementor-widget-container\">\n\t\t\t\t\t<h2 class=\"elementor-heading-title elementor-size-default\">Vad \u00e4r W\u0101jib Qurban?<\/h2>\t\t\t\t<\/div>\n\t\t\t\t<\/div>\n\t\t\t\t\t<\/div>\n\t\t\t\t<\/div>\n\t\t<div class=\"elementor-element elementor-element-67854ee e-flex e-con-boxed e-con e-parent\" data-id=\"67854ee\" data-element_type=\"container\">\n\t\t\t\t\t<div class=\"e-con-inner\">\n\t\t\t\t<div class=\"elementor-element elementor-element-8edb602 elementor-widget elementor-widget-text-editor\" data-id=\"8edb602\" data-element_type=\"widget\" data-widget_type=\"text-editor.default\">\n\t\t\t\t<div class=\"elementor-widget-container\">\n\t\t\t\t\t\t\t\t\t<p>Qurban \u00e4r ett religi\u00f6st offer som betyder \u201datt n\u00e4rma sig Allah\u201d. Inom islam \u00e4r offrandet av ett djur en av de viktigaste gudstj\u00e4nsthandlingarna - s\u00e4rskilt under offerh\u00f6gtiden (\u02bfId al-A\u1e0d\u1e25\u0101).<br \/>Det \u00e4r w\u0101jib (obligatoriskt) f\u00f6r alla muslimer som har ekonomisk m\u00f6jlighet att g\u00f6ra det att slakta ett offerdjur p\u00e5 h\u00f6gtidsdagarna - enligt de traditionella reglerna.<\/p><p>\u201dVarken deras k\u00f6tt eller deras blod n\u00e5r Allah, utan er fruktan f\u00f6r Allah.\u201d (Surah Al-Hajj, 22:37)<\/p><p>Po\u00e4ngen med Qurban \u00e4r inte sj\u00e4lva slakten, utan den uppriktiga avsikten att komma n\u00e4rmare Allah - och att dela med sig av det goda. En stor del av k\u00f6ttet delas traditionellt med grannar, sl\u00e4ktingar och beh\u00f6vande. W\u0101jib Qurban st\u00e4rker allts\u00e5 inte bara relationen till Gud, utan \u00e4ven den sociala sammanh\u00e5llningen.<\/p>\t\t\t\t\t\t\t\t<\/div>\n\t\t\t\t<\/div>\n\t\t\t\t\t<\/div>\n\t\t\t\t<\/div>\n\t\t<div class=\"elementor-element elementor-element-70a5291 e-flex e-con-boxed e-con e-parent\" data-id=\"70a5291\" data-element_type=\"container\">\n\t\t\t\t\t<div class=\"e-con-inner\">\n\t\t\t\t<div class=\"elementor-element elementor-element-f824d94 elementor-widget elementor-widget-heading\" data-id=\"f824d94\" data-element_type=\"widget\" data-widget_type=\"heading.default\">\n\t\t\t\t<div class=\"elementor-widget-container\">\n\t\t\t\t\t<h2 class=\"elementor-heading-title elementor-size-default\">N\u00e4r och hur kan jag donera till W\u0101jib Qurban?<\/h2>\t\t\t\t<\/div>\n\t\t\t\t<\/div>\n\t\t\t\t\t<\/div>\n\t\t\t\t<\/div>\n\t\t<div class=\"elementor-element elementor-element-95761da e-flex e-con-boxed e-con e-parent\" data-id=\"95761da\" data-element_type=\"container\">\n\t\t\t\t\t<div class=\"e-con-inner\">\n\t\t\t\t<div class=\"elementor-element elementor-element-cdfcb72 elementor-widget elementor-widget-text-editor\" data-id=\"cdfcb72\" data-element_type=\"widget\" data-widget_type=\"text-editor.default\">\n\t\t\t\t<div class=\"elementor-widget-container\">\n\t\t\t\t\t\t\t\t\t<p>W\u0101jib Qurban-donationer kan g\u00f6ras via Nezir Europe varje \u00e5r ungef\u00e4r en m\u00e5nad f\u00f6re offerh\u00f6gtiden - fram till och med offerh\u00f6gtidens sista dag. Donationer kan g\u00f6ras bekv\u00e4mt via webbplatsen, via bank\u00f6verf\u00f6ring eller personligen mot kvitto. S\u00e5 snart din donation har tagits emot b\u00f6rjar organisationen av hela processen.<\/p>\t\t\t\t\t\t\t\t<\/div>\n\t\t\t\t<\/div>\n\t\t\t\t\t<\/div>\n\t\t\t\t<\/div>\n\t\t<div class=\"elementor-element elementor-element-dfe0422 e-flex e-con-boxed e-con e-parent\" data-id=\"dfe0422\" data-element_type=\"container\">\n\t\t\t\t\t<div class=\"e-con-inner\">\n\t\t\t\t<div class=\"elementor-element elementor-element-15d2d72 elementor-widget elementor-widget-heading\" data-id=\"15d2d72\" data-element_type=\"widget\" data-widget_type=\"heading.default\">\n\t\t\t\t<div class=\"elementor-widget-container\">\n\t\t\t\t\t<h2 class=\"elementor-heading-title elementor-size-default\">Hur g\u00e5r slakten till?<\/h2>\t\t\t\t<\/div>\n\t\t\t\t<\/div>\n\t\t\t\t\t<\/div>\n\t\t\t\t<\/div>\n\t\t<div class=\"elementor-element elementor-element-09ac8d5 e-flex e-con-boxed e-con e-parent\" data-id=\"09ac8d5\" data-element_type=\"container\">\n\t\t\t\t\t<div class=\"e-con-inner\">\n\t\t\t\t<div class=\"elementor-element elementor-element-af21049 elementor-widget elementor-widget-text-editor\" data-id=\"af21049\" data-element_type=\"widget\" data-widget_type=\"text-editor.default\">\n\t\t\t\t<div class=\"elementor-widget-container\">\n\t\t\t\t\t\t\t\t\t<p>Slakten f\u00f6r W\u0101jib Qurban sker uteslutande under de tre dagar som offerfesten p\u00e5g\u00e5r - i enlighet med vad som f\u00f6reskrivs i islam.<\/p><p>Nezir Europe organiserar slakt i regioner d\u00e4r efterfr\u00e5gan \u00e4r s\u00e4rskilt h\u00f6g - i synnerhet i missgynnade omr\u00e5den i Afrika och Asien. Erfarna medarbetare och utbildade observat\u00f6rer p\u00e5 plats f\u00f6ljer med varje steg p\u00e5 v\u00e4gen.<\/p><p>Strikt uppm\u00e4rksamhet \u00e4gnas \u00e5t efterlevnaden av islamiska regler - fr\u00e5n djurets h\u00e4lsa och \u00e5lder till den rituella slakten.<\/p><ul><li>Djuren \u00e4r noggrant utvalda och kontrollerade<\/li><li>Slakt utf\u00f6rs under \u00f6verinseende av islamiska l\u00e4rda och veterin\u00e4rer<\/li><li>Donatorernas namn eller avsikter anges vid tidpunkten f\u00f6r slakten<\/li><li>K\u00f6ttet portioneras p\u00e5 ett hygieniskt s\u00e4tt (3-7 kg) och delas ut till beh\u00f6vande, barnhem eller sociala organisationer.<\/li><\/ul>\t\t\t\t\t\t\t\t<\/div>\n\t\t\t\t<\/div>\n\t\t\t\t\t<\/div>\n\t\t\t\t<\/div>\n\t\t<div class=\"elementor-element elementor-element-82a8d3b e-flex e-con-boxed e-con e-parent\" data-id=\"82a8d3b\" data-element_type=\"container\">\n\t\t\t\t\t<div class=\"e-con-inner\">\n\t\t\t\t<div class=\"elementor-element elementor-element-aa1fe43 elementor-widget elementor-widget-heading\" data-id=\"aa1fe43\" data-element_type=\"widget\" data-widget_type=\"heading.default\">\n\t\t\t\t<div class=\"elementor-widget-container\">\n\t\t\t\t\t<h2 class=\"elementor-heading-title elementor-size-default\">Varf\u00f6r \u00e4r W\u0101jib Qurban endast m\u00f6jlig vissa dagar?<\/h2>\t\t\t\t<\/div>\n\t\t\t\t<\/div>\n\t\t\t\t\t<\/div>\n\t\t\t\t<\/div>\n\t\t<div class=\"elementor-element elementor-element-4e80beb e-flex e-con-boxed e-con e-parent\" data-id=\"4e80beb\" data-element_type=\"container\">\n\t\t\t\t\t<div class=\"e-con-inner\">\n\t\t\t\t<div class=\"elementor-element elementor-element-6d33acd elementor-widget elementor-widget-text-editor\" data-id=\"6d33acd\" data-element_type=\"widget\" data-widget_type=\"text-editor.default\">\n\t\t\t\t<div class=\"elementor-widget-container\">\n\t\t\t\t\t\t\t\t\t<p>Till skillnad fr\u00e5n frivilliga typer av Qurban f\u00e5r W\u0101jib Qurban endast organiseras under festivalens tre dagar. Organiseringen sker d\u00e4rf\u00f6r inom en mycket sn\u00e4v tidsram - med intensiva f\u00f6rberedelser och noggrann samordning av Nezir Europe.<\/p>\t\t\t\t\t\t\t\t<\/div>\n\t\t\t\t<\/div>\n\t\t\t\t\t<\/div>\n\t\t\t\t<\/div>\n\t\t<div class=\"elementor-element elementor-element-532a75b e-flex e-con-boxed e-con e-parent\" data-id=\"532a75b\" data-element_type=\"container\">\n\t\t\t\t\t<div class=\"e-con-inner\">\n\t\t\t\t<div class=\"elementor-element elementor-element-a803b1c elementor-widget elementor-widget-heading\" data-id=\"a803b1c\" data-element_type=\"widget\" data-widget_type=\"heading.default\">\n\t\t\t\t<div class=\"elementor-widget-container\">\n\t\t\t\t\t<h2 class=\"elementor-heading-title elementor-size-default\">Hur fungerar organisationen i detalj?<\/h2>\t\t\t\t<\/div>\n\t\t\t\t<\/div>\n\t\t\t\t\t<\/div>\n\t\t\t\t<\/div>\n\t\t<div class=\"elementor-element elementor-element-23f25e9 e-flex e-con-boxed e-con e-parent\" data-id=\"23f25e9\" data-element_type=\"container\">\n\t\t\t\t\t<div class=\"e-con-inner\">\n\t\t\t\t<div class=\"elementor-element elementor-element-d47453a elementor-widget elementor-widget-text-editor\" data-id=\"d47453a\" data-element_type=\"widget\" data-widget_type=\"text-editor.default\">\n\t\t\t\t<div class=\"elementor-widget-container\">\n\t\t\t\t\t\t\t\t\t<p>Mottagande av donationer: Via hemsidan eller via bank\u00f6verf\u00f6ring<\/p><p>Gruppindelning: Beroende p\u00e5 djurart kan donationerna delas in i grupper om 7<\/p><p>Inspektion p\u00e5 plats: V\u00e5ra team analyserar platser, slakterier och distributionsalternativ<\/p><p>Slakt: Sker under h\u00f6gs\u00e4song, under islamisk \u00f6vervakning och med givarens avsikt angiven<\/p><p>Distribution: K\u00f6ttet f\u00f6rpackas p\u00e5 ett hygieniskt s\u00e4tt och prioriteras f\u00f6r distribution till beh\u00f6vande<\/p>\t\t\t\t\t\t\t\t<\/div>\n\t\t\t\t<\/div>\n\t\t\t\t\t<\/div>\n\t\t\t\t<\/div>\n\t\t<div class=\"elementor-element elementor-element-2474de3 e-flex e-con-boxed e-con e-parent\" data-id=\"2474de3\" data-element_type=\"container\">\n\t\t\t\t\t<div class=\"e-con-inner\">\n\t\t\t\t<div class=\"elementor-element elementor-element-174420c elementor-widget elementor-widget-heading\" data-id=\"174420c\" data-element_type=\"widget\" data-widget_type=\"heading.default\">\n\t\t\t\t<div class=\"elementor-widget-container\">\n\t\t\t\t\t<h2 class=\"elementor-heading-title elementor-size-default\">Din donation \u2013 Din p\u00e5verkan<\/h2>\t\t\t\t<\/div>\n\t\t\t\t<\/div>\n\t\t\t\t\t<\/div>\n\t\t\t\t<\/div>\n\t\t<div class=\"elementor-element elementor-element-126736b e-flex e-con-boxed e-con e-parent\" data-id=\"126736b\" data-element_type=\"container\">\n\t\t\t\t\t<div class=\"e-con-inner\">\n\t\t\t\t<div class=\"elementor-element elementor-element-7cd1624 elementor-widget elementor-widget-text-editor\" data-id=\"7cd1624\" data-element_type=\"widget\" data-widget_type=\"text-editor.default\">\n\t\t\t\t<div class=\"elementor-widget-container\">\n\t\t\t\t\t\t\t\t\t<p>Genom att g\u00f6ra en W\u0101jib Qurban-donation via Nezir Europe uppfyller du inte bara en religi\u00f6s skyldighet, utan ger ocks\u00e5 hopp, v\u00e5rd och st\u00f6d till m\u00e4nniskor i n\u00f6d.<\/p>\t\t\t\t\t\t\t\t<\/div>\n\t\t\t\t<\/div>\n\t\t\t\t\t<\/div>\n\t\t\t\t<\/div>\n\t\t\t\t<\/div>","protected":false},"excerpt":{"rendered":"<p>W\u0101jib Qurban p\u00e5minner om profeten Ibrahims (a.s.) h\u00e4ngivenhet och \u00e4r en religi\u00f6s plikt f\u00f6r muslimer under Eid al-Adha. Det uttrycker lydnad inf\u00f6r Allah och ett socialt ansvar genom att hj\u00e4lpa de beh\u00f6vande.<\/p>","protected":false},"author":1,"featured_media":15471,"comment_status":"closed","ping_status":"closed","sticky":false,"template":"","format":"standard","meta":{"_acf_changed":false,"give_campaign_id":0,"footnotes":""},"categories":[39],"tags":[],"class_list":["post-1259","post","type-post","status-publish","format-standard","has-post-thumbnail","hentry","category-detail"],"acf":[],"_links":{"self":[{"href":"https:\/\/nezir-europe.org\/sv_se\/wp-json\/wp\/v2\/posts\/1259","targetHints":{"allow":["GET"]}}],"collection":[{"href":"https:\/\/nezir-europe.org\/sv_se\/wp-json\/wp\/v2\/posts"}],"about":[{"href":"https:\/\/nezir-europe.org\/sv_se\/wp-json\/wp\/v2\/types\/post"}],"author":[{"embeddable":true,"href":"https:\/\/nezir-europe.org\/sv_se\/wp-json\/wp\/v2\/users\/1"}],"replies":[{"embeddable":true,"href":"https:\/\/nezir-europe.org\/sv_se\/wp-json\/wp\/v2\/comments?post=1259"}],"version-history":[{"count":32,"href":"https:\/\/nezir-europe.org\/sv_se\/wp-json\/wp\/v2\/posts\/1259\/revisions"}],"predecessor-version":[{"id":15798,"href":"https:\/\/nezir-europe.org\/sv_se\/wp-json\/wp\/v2\/posts\/1259\/revisions\/15798"}],"wp:featuredmedia":[{"embeddable":true,"href":"https:\/\/nezir-europe.org\/sv_se\/wp-json\/wp\/v2\/media\/15471"}],"wp:attachment":[{"href":"https:\/\/nezir-europe.org\/sv_se\/wp-json\/wp\/v2\/media?parent=1259"}],"wp:term":[{"taxonomy":"category","embeddable":true,"href":"https:\/\/nezir-europe.org\/sv_se\/wp-json\/wp\/v2\/categories?post=1259"},{"taxonomy":"post_tag","embeddable":true,"href":"https:\/\/nezir-europe.org\/sv_se\/wp-json\/wp\/v2\/tags?post=1259"}],"curies":[{"name":"wp","href":"https:\/\/api.w.org\/{rel}","templated":true}]}}