{"id":565,"date":"2024-02-29T20:12:16","date_gmt":"2024-02-29T20:12:16","guid":{"rendered":"https:\/\/nezir-europe.org\/?p=565"},"modified":"2025-12-31T21:14:44","modified_gmt":"2025-12-31T21:14:44","slug":"fitre","status":"publish","type":"post","link":"https:\/\/nezir-europe.org\/fr_fr\/detail\/fitre\/","title":{"rendered":"Fitre"},"content":{"rendered":"<div data-elementor-type=\"wp-post\" data-elementor-id=\"565\" class=\"elementor elementor-565\" data-elementor-post-type=\"post\">\n\t\t\t\t<div class=\"elementor-element elementor-element-9569404 e-flex e-con-boxed e-con e-parent\" data-id=\"9569404\" data-element_type=\"container\">\n\t\t\t\t\t<div class=\"e-con-inner\">\n\t\t\t\t<div class=\"elementor-element elementor-element-1c37d3c elementor-widget elementor-widget-template\" data-id=\"1c37d3c\" data-element_type=\"widget\" data-widget_type=\"template.default\">\n\t\t\t\t<div class=\"elementor-widget-container\">\n\t\t\t\t\t\t\t<div class=\"elementor-template\">\n\t\t\t\t\t<div data-elementor-type=\"single-post\" data-elementor-id=\"1872\" class=\"elementor elementor-1872\" data-elementor-post-type=\"elementor_library\">\n\t\t\t<div class=\"elementor-element elementor-element-4d6e81c0 e-con-full e-flex e-con e-parent\" data-id=\"4d6e81c0\" data-element_type=\"container\" data-settings=\"{&quot;background_background&quot;:&quot;gradient&quot;}\">\n\t\t<div class=\"elementor-element elementor-element-69d53f5c e-con-full e-flex e-con e-child\" data-id=\"69d53f5c\" data-element_type=\"container\" data-settings=\"{&quot;background_background&quot;:&quot;classic&quot;}\">\n\t\t\t\t<div class=\"elementor-element elementor-element-52fc0224 elementor-invisible elementor-widget elementor-widget-image\" data-id=\"52fc0224\" data-element_type=\"widget\" data-settings=\"{&quot;_animation&quot;:&quot;slideInLeft&quot;}\" data-widget_type=\"image.default\">\n\t\t\t\t<div class=\"elementor-widget-container\">\n\t\t\t\t\t\t\t\t\t\t\t\t\t\t\t<img fetchpriority=\"high\" decoding=\"async\" width=\"780\" height=\"756\" src=\"https:\/\/nezir-europe.org\/wp-content\/uploads\/2024\/02\/fitre.png\" class=\"attachment-2048x2048 size-2048x2048 wp-image-15469\" alt=\"\" srcset=\"https:\/\/nezir-europe.org\/wp-content\/uploads\/2024\/02\/fitre.png 780w, https:\/\/nezir-europe.org\/wp-content\/uploads\/2024\/02\/fitre-300x291.png 300w, https:\/\/nezir-europe.org\/wp-content\/uploads\/2024\/02\/fitre-768x744.png 768w, https:\/\/nezir-europe.org\/wp-content\/uploads\/2024\/02\/fitre-12x12.png 12w\" sizes=\"(max-width: 780px) 100vw, 780px\" \/>\t\t\t\t\t\t\t\t\t\t\t\t\t\t\t<\/div>\n\t\t\t\t<\/div>\n\t\t\t\t<\/div>\n\t\t<div class=\"elementor-element elementor-element-29a52db2 e-con-full e-flex e-con e-child\" data-id=\"29a52db2\" data-element_type=\"container\" data-settings=\"{&quot;background_background&quot;:&quot;classic&quot;}\">\n\t\t<div class=\"elementor-element elementor-element-428c1452 e-flex e-con-boxed e-con e-child\" data-id=\"428c1452\" data-element_type=\"container\">\n\t\t\t\t\t<div class=\"e-con-inner\">\n\t\t\t\t<div class=\"elementor-element elementor-element-6d561807 animated-slow elementor-invisible elementor-widget elementor-widget-heading\" data-id=\"6d561807\" data-element_type=\"widget\" data-settings=\"{&quot;_animation&quot;:&quot;fadeIn&quot;}\" data-widget_type=\"heading.default\">\n\t\t\t\t<div class=\"elementor-widget-container\">\n\t\t\t\t\t<h1 class=\"elementor-heading-title elementor-size-default\">Fitre<\/h1>\t\t\t\t<\/div>\n\t\t\t\t<\/div>\n\t\t\t\t<div class=\"elementor-element elementor-element-652031b6 elementor-invisible elementor-widget elementor-widget-text-editor\" data-id=\"652031b6\" data-element_type=\"widget\" data-settings=\"{&quot;_animation&quot;:&quot;fadeIn&quot;,&quot;_animation_delay&quot;:200}\" data-widget_type=\"text-editor.default\">\n\t\t\t\t<div class=\"elementor-widget-container\">\n\t\t\t\t\t\t\t\t\tLe paiement de la Zakat al-Fitr est obligatoire pour tout musulman en islam. Elle est consid\u00e9r\u00e9e comme une forme de purification et de compensation pour d\u2019\u00e9ventuelles lacunes durant le Ramadan et souligne la responsabilit\u00e9 sociale envers les n\u00e9cessiteux.\t\t\t\t\t\t\t\t<\/div>\n\t\t\t\t<\/div>\n\t\t\t\t\t<\/div>\n\t\t\t\t<\/div>\n\t\t\t\t<\/div>\n\t\t\t\t<\/div>\n\t\t\t\t<\/div>\n\t\t\t\t<\/div>\n\t\t\t\t\t\t<\/div>\n\t\t\t\t<\/div>\n\t\t\t\t\t<\/div>\n\t\t\t\t<\/div>\n\t\t<div class=\"elementor-element elementor-element-57b6d33 e-flex e-con-boxed e-con e-parent\" data-id=\"57b6d33\" data-element_type=\"container\">\n\t\t\t\t\t<div class=\"e-con-inner\">\n\t\t\t\t<div class=\"elementor-element elementor-element-dbe306a elementor-widget elementor-widget-heading\" data-id=\"dbe306a\" data-element_type=\"widget\" data-widget_type=\"heading.default\">\n\t\t\t\t<div class=\"elementor-widget-container\">\n\t\t\t\t\t<h2 class=\"elementor-heading-title elementor-size-default\">Qu'est-ce que Fitre ?<\/h2>\t\t\t\t<\/div>\n\t\t\t\t<\/div>\n\t\t\t\t\t<\/div>\n\t\t\t\t<\/div>\n\t\t<div class=\"elementor-element elementor-element-a30627a e-flex e-con-boxed e-con e-parent\" data-id=\"a30627a\" data-element_type=\"container\">\n\t\t\t\t\t<div class=\"e-con-inner\">\n\t\t\t\t<div class=\"elementor-element elementor-element-1ff6ac6 elementor-widget elementor-widget-text-editor\" data-id=\"1ff6ac6\" data-element_type=\"widget\" data-widget_type=\"text-editor.default\">\n\t\t\t\t<div class=\"elementor-widget-container\">\n\t\t\t\t\t\t\t\t\t<p>Le mois de Ramadan est une p\u00e9riode de lumi\u00e8re, de recueillement spirituel et de lien sinc\u00e8re entre les c\u0153urs. Pendant ces jours sacr\u00e9s, les mains s\u2019ouvrent dans le don, et les c\u0153urs s\u2019emplissent de gratitude, de patience et de compassion. \u00c0 la fin de cette p\u00e9riode b\u00e9nie, une offrande importante est faite : la Fitre.<\/p><p>La Fitre est une aum\u00f4ne obligatoire destin\u00e9e \u00e0 soutenir les personnes dans le besoin, notamment celles qui ne peuvent pas je\u00fbner pendant le Ramadan. Mais la Fitre est bien plus qu\u2019une aide financi\u00e8re. Elle nourrit les corps, touche les c\u0153urs et rappelle que le v\u00e9ritable don parle \u00e0 l\u2019\u00e2me, pas seulement \u00e0 l\u2019estomac.<\/p><p>Elle renforce le sentiment d\u2019unit\u00e9 dans la communaut\u00e9, permettant aux plus d\u00e9munis de vivre la f\u00eate de l\u2019A\u00efd avec dignit\u00e9 et joie. Un petit geste peut offrir un sourire, un repas peut donner de l\u2019espoir, une attention peut refl\u00e9ter la mis\u00e9ricorde.<\/p><p>La Fitre enrichit \u00e0 la fois celui qui donne et celui qui re\u00e7oit. C\u2019est une occasion de concr\u00e9tiser la mis\u00e9ricorde et la bienveillance. Donner la Fitre, c\u2019est semer l\u2019amour, faire grandir l\u2019empathie et laisser une trace d\u2019humanit\u00e9.<\/p><p>Avec votre don de Fitre via Nezir Europe, vous contribuez \u00e0 apporter la joie de l\u2019A\u00efd \u00e0 ceux qui en ont besoin. Doucement, sinc\u00e8rement, efficacement \u2013 car la Fitre est plus qu\u2019un devoir : c\u2019est un don du c\u0153ur.<\/p>\t\t\t\t\t\t\t\t<\/div>\n\t\t\t\t<\/div>\n\t\t\t\t\t<\/div>\n\t\t\t\t<\/div>\n\t\t\t\t<\/div>","protected":false},"excerpt":{"rendered":"<p>Le paiement de la Zakat al-Fitr est obligatoire pour tout musulman en islam. Elle est consid\u00e9r\u00e9e comme une forme de purification et de compensation pour d\u2019\u00e9ventuelles lacunes durant le Ramadan et souligne la responsabilit\u00e9 sociale envers les n\u00e9cessiteux.<\/p>","protected":false},"author":1,"featured_media":15469,"comment_status":"closed","ping_status":"closed","sticky":false,"template":"","format":"standard","meta":{"_acf_changed":false,"give_campaign_id":0,"footnotes":""},"categories":[39],"tags":[],"class_list":["post-565","post","type-post","status-publish","format-standard","has-post-thumbnail","hentry","category-detail"],"acf":[],"_links":{"self":[{"href":"https:\/\/nezir-europe.org\/fr_fr\/wp-json\/wp\/v2\/posts\/565","targetHints":{"allow":["GET"]}}],"collection":[{"href":"https:\/\/nezir-europe.org\/fr_fr\/wp-json\/wp\/v2\/posts"}],"about":[{"href":"https:\/\/nezir-europe.org\/fr_fr\/wp-json\/wp\/v2\/types\/post"}],"author":[{"embeddable":true,"href":"https:\/\/nezir-europe.org\/fr_fr\/wp-json\/wp\/v2\/users\/1"}],"replies":[{"embeddable":true,"href":"https:\/\/nezir-europe.org\/fr_fr\/wp-json\/wp\/v2\/comments?post=565"}],"version-history":[{"count":38,"href":"https:\/\/nezir-europe.org\/fr_fr\/wp-json\/wp\/v2\/posts\/565\/revisions"}],"predecessor-version":[{"id":15796,"href":"https:\/\/nezir-europe.org\/fr_fr\/wp-json\/wp\/v2\/posts\/565\/revisions\/15796"}],"wp:featuredmedia":[{"embeddable":true,"href":"https:\/\/nezir-europe.org\/fr_fr\/wp-json\/wp\/v2\/media\/15469"}],"wp:attachment":[{"href":"https:\/\/nezir-europe.org\/fr_fr\/wp-json\/wp\/v2\/media?parent=565"}],"wp:term":[{"taxonomy":"category","embeddable":true,"href":"https:\/\/nezir-europe.org\/fr_fr\/wp-json\/wp\/v2\/categories?post=565"},{"taxonomy":"post_tag","embeddable":true,"href":"https:\/\/nezir-europe.org\/fr_fr\/wp-json\/wp\/v2\/tags?post=565"}],"curies":[{"name":"wp","href":"https:\/\/api.w.org\/{rel}","templated":true}]}}